{"id":18496,"date":"2024-02-27T11:02:22","date_gmt":"2024-02-27T10:02:22","guid":{"rendered":"https:\/\/tourism-villages.unwto.org\/?p=18496"},"modified":"2024-03-07T14:05:11","modified_gmt":"2024-03-07T13:05:11","slug":"manteigas-portugal","status":"publish","type":"post","link":"https:\/\/tourism-villages.unwto.org\/es\/villages\/manteigas-portugal\/","title":{"rendered":"Manteigas &#8211; Portugal"},"content":{"rendered":"\t\t<div data-elementor-type=\"wp-post\" data-elementor-id=\"18496\" class=\"elementor elementor-18496 elementor-16026\" data-elementor-post-type=\"post\">\n\t\t\t\t\t\t<section class=\"elementor-section elementor-top-section elementor-element elementor-element-2d13717 elementor-section-full_width elementor-section-height-default elementor-section-height-default\" data-id=\"2d13717\" data-element_type=\"section\" data-e-type=\"section\">\n\t\t\t\t\t\t<div class=\"elementor-container elementor-column-gap-default\">\n\t\t\t\t\t<div class=\"elementor-column elementor-col-100 elementor-top-column elementor-element elementor-element-3a678c9\" data-id=\"3a678c9\" data-element_type=\"column\" data-e-type=\"column\">\n\t\t\t<div class=\"elementor-widget-wrap elementor-element-populated\">\n\t\t\t\t\t\t<div class=\"elementor-element elementor-element-11eb9e0 villages-header-slider elementor--h-position-center elementor--v-position-middle elementor-pagination-position-inside elementor-widget elementor-widget-slides\" data-id=\"11eb9e0\" data-element_type=\"widget\" data-e-type=\"widget\" data-settings=\"{&quot;navigation&quot;:&quot;dots&quot;,&quot;transition_speed&quot;:800,&quot;autoplay&quot;:&quot;yes&quot;,&quot;pause_on_hover&quot;:&quot;yes&quot;,&quot;pause_on_interaction&quot;:&quot;yes&quot;,&quot;autoplay_speed&quot;:5000,&quot;infinite&quot;:&quot;yes&quot;,&quot;transition&quot;:&quot;slide&quot;}\" data-widget_type=\"slides.default\">\n\t\t\t\t<div class=\"elementor-widget-container\">\n\t\t\t\t\t\t\t\t\t<div class=\"elementor-swiper\">\n\t\t\t\t\t<div class=\"elementor-slides-wrapper elementor-main-swiper swiper\" role=\"region\" aria-roledescription=\"carousel\" aria-label=\"Diapositivas\" dir=\"ltr\" data-animation=\"fadeInUp\">\n\t\t\t\t<div class=\"swiper-wrapper elementor-slides\">\n\t\t\t\t\t\t\t\t\t\t<div class=\"elementor-repeater-item-4422ce7 swiper-slide\" role=\"group\" aria-roledescription=\"slide\"><div class=\"swiper-slide-bg\" role=\"img\" aria-label=\"cover\"><\/div><div class=\"elementor-background-overlay\"><\/div><div class=\"swiper-slide-inner\" ><div class=\"swiper-slide-contents\"><div class=\"elementor-slide-heading\">Manteigas <\/div><div class=\"elementor-slide-description\">PORTUGAL<\/div><\/div><\/div><\/div><div class=\"elementor-repeater-item-828b081 swiper-slide\" role=\"group\" aria-roledescription=\"slide\"><div class=\"swiper-slide-bg\" role=\"img\" aria-label=\"1687557222-portugal_Manteigas_1-Bosque_das_Faias_Pedro_Ribeiro__1-min.original\"><\/div><div class=\"elementor-background-overlay\"><\/div><div class=\"swiper-slide-inner\" ><div class=\"swiper-slide-contents\"><div class=\"elementor-slide-heading\">Manteigas <\/div><div class=\"elementor-slide-description\">PORTUGAL<\/div><\/div><\/div><\/div><div class=\"elementor-repeater-item-3318635 swiper-slide\" role=\"group\" aria-roledescription=\"slide\"><div class=\"swiper-slide-bg\" role=\"img\" aria-label=\"1687557222-portugal_Manteigas_10-Vila_de_Manteigas_08-min.original\"><\/div><div class=\"elementor-background-overlay\"><\/div><div class=\"swiper-slide-inner\" ><div class=\"swiper-slide-contents\"><div class=\"elementor-slide-heading\">Manteigas <\/div><div class=\"elementor-slide-description\">PORTUGAL<\/div><\/div><\/div><\/div>\t\t\t\t<\/div>\n\t\t\t\t\t\t\t\t\t\t\t\t\t\t\t\t\t\t\t\t<div class=\"swiper-pagination\"><\/div>\n\t\t\t\t\t\t\t\t\t\t\t\t<\/div>\n\t\t\t\t<\/div>\n\t\t\t\t\t\t\t\t<\/div>\n\t\t\t\t<\/div>\n\t\t\t\t\t<\/div>\n\t\t<\/div>\n\t\t\t\t\t<\/div>\n\t\t<\/section>\n\t\t\t\t<section class=\"elementor-section elementor-top-section elementor-element elementor-element-92a0d21 elementor-section-boxed elementor-section-height-default elementor-section-height-default\" data-id=\"92a0d21\" data-element_type=\"section\" data-e-type=\"section\">\n\t\t\t\t\t\t<div class=\"elementor-container elementor-column-gap-custom\">\n\t\t\t\t\t<div class=\"elementor-column elementor-col-50 elementor-top-column elementor-element elementor-element-50829a7\" data-id=\"50829a7\" data-element_type=\"column\" data-e-type=\"column\">\n\t\t\t<div class=\"elementor-widget-wrap elementor-element-populated\">\n\t\t\t\t\t\t<div class=\"elementor-element elementor-element-14fd3a4 elementor-invisible elementor-widget elementor-widget-heading\" data-id=\"14fd3a4\" data-element_type=\"widget\" data-e-type=\"widget\" data-settings=\"{&quot;_animation&quot;:&quot;fadeInDown&quot;}\" data-widget_type=\"heading.default\">\n\t\t\t\t<div class=\"elementor-widget-container\">\n\t\t\t\t\t<h2 class=\"elementor-heading-title elementor-size-default\">MANTEIGAS<\/h2>\t\t\t\t<\/div>\n\t\t\t\t<\/div>\n\t\t\t\t<div class=\"elementor-element elementor-element-01c5bce elementor-invisible elementor-widget elementor-widget-heading\" data-id=\"01c5bce\" data-element_type=\"widget\" data-e-type=\"widget\" data-settings=\"{&quot;_animation&quot;:&quot;fadeIn&quot;}\" data-widget_type=\"heading.default\">\n\t\t\t\t<div class=\"elementor-widget-container\">\n\t\t\t\t\t<h3 class=\"elementor-heading-title elementor-size-default\">PORTUGAL<\/h3>\t\t\t\t<\/div>\n\t\t\t\t<\/div>\n\t\t\t\t<div class=\"elementor-element elementor-element-fba4fc8 elementor-invisible elementor-widget elementor-widget-text-editor\" data-id=\"fba4fc8\" data-element_type=\"widget\" data-e-type=\"widget\" data-settings=\"{&quot;_animation&quot;:&quot;fadeInUp&quot;}\" data-widget_type=\"text-editor.default\">\n\t\t\t\t<div class=\"elementor-widget-container\">\n\t\t\t\t\t\t\t\t\t<p>2023<\/p>\t\t\t\t\t\t\t\t<\/div>\n\t\t\t\t<\/div>\n\t\t\t\t<div class=\"elementor-element elementor-element-ca095e1 elementor-invisible elementor-widget elementor-widget-gallery\" data-id=\"ca095e1\" data-element_type=\"widget\" data-e-type=\"widget\" data-settings=\"{&quot;gap&quot;:{&quot;unit&quot;:&quot;px&quot;,&quot;size&quot;:8,&quot;sizes&quot;:[]},&quot;_animation&quot;:&quot;fadeIn&quot;,&quot;aspect_ratio&quot;:&quot;1:1&quot;,&quot;lazyload&quot;:&quot;yes&quot;,&quot;gallery_layout&quot;:&quot;grid&quot;,&quot;columns&quot;:4,&quot;columns_tablet&quot;:2,&quot;columns_mobile&quot;:1,&quot;gap_tablet&quot;:{&quot;unit&quot;:&quot;px&quot;,&quot;size&quot;:10,&quot;sizes&quot;:[]},&quot;gap_mobile&quot;:{&quot;unit&quot;:&quot;px&quot;,&quot;size&quot;:10,&quot;sizes&quot;:[]},&quot;overlay_background&quot;:&quot;yes&quot;,&quot;content_hover_animation&quot;:&quot;fade-in&quot;}\" data-widget_type=\"gallery.default\">\n\t\t\t\t<div class=\"elementor-widget-container\">\n\t\t\t\t\t\t\t<div class=\"elementor-gallery__container\">\n\t\t\t\t\t\t\t<div class=\"e-gallery-item elementor-gallery-item elementor-animated-content\">\n\t\t\t\t\t<div class=\"e-gallery-image elementor-gallery-item__image\" data-thumbnail=\"https:\/\/tourism-villages.unwto.org\/wp-content\/uploads\/2021\/11\/E-WEB-Goal-01-300x300.png\" data-width=\"300\" data-height=\"300\" aria-label=\"\" role=\"img\" ><\/div>\n\t\t\t\t\t\t\t\t\t\t\t<div class=\"elementor-gallery-item__overlay\"><\/div>\n\t\t\t\t\t\t\t\t\t\t\t\t\t\t<\/div>\n\t\t\t\t\t\t\t<div class=\"e-gallery-item elementor-gallery-item elementor-animated-content\">\n\t\t\t\t\t<div class=\"e-gallery-image elementor-gallery-item__image\" data-thumbnail=\"https:\/\/tourism-villages.unwto.org\/wp-content\/uploads\/2021\/11\/E-WEB-Goal-03-1-300x300.png\" data-width=\"300\" data-height=\"300\" aria-label=\"\" role=\"img\" ><\/div>\n\t\t\t\t\t\t\t\t\t\t\t<div class=\"elementor-gallery-item__overlay\"><\/div>\n\t\t\t\t\t\t\t\t\t\t\t\t\t\t<\/div>\n\t\t\t\t\t\t\t<div class=\"e-gallery-item elementor-gallery-item elementor-animated-content\">\n\t\t\t\t\t<div class=\"e-gallery-image elementor-gallery-item__image\" data-thumbnail=\"https:\/\/tourism-villages.unwto.org\/wp-content\/uploads\/2021\/11\/E-WEB-Goal-04-300x300.png\" data-width=\"300\" data-height=\"300\" aria-label=\"\" role=\"img\" ><\/div>\n\t\t\t\t\t\t\t\t\t\t\t<div class=\"elementor-gallery-item__overlay\"><\/div>\n\t\t\t\t\t\t\t\t\t\t\t\t\t\t<\/div>\n\t\t\t\t\t\t\t<div class=\"e-gallery-item elementor-gallery-item elementor-animated-content\">\n\t\t\t\t\t<div class=\"e-gallery-image elementor-gallery-item__image\" data-thumbnail=\"https:\/\/tourism-villages.unwto.org\/wp-content\/uploads\/2021\/11\/E-WEB-Goal-05-300x300.png\" data-width=\"300\" data-height=\"300\" aria-label=\"\" role=\"img\" ><\/div>\n\t\t\t\t\t\t\t\t\t\t\t<div class=\"elementor-gallery-item__overlay\"><\/div>\n\t\t\t\t\t\t\t\t\t\t\t\t\t\t<\/div>\n\t\t\t\t\t\t\t<div class=\"e-gallery-item elementor-gallery-item elementor-animated-content\">\n\t\t\t\t\t<div class=\"e-gallery-image elementor-gallery-item__image\" data-thumbnail=\"https:\/\/tourism-villages.unwto.org\/wp-content\/uploads\/2021\/11\/E-WEB-Goal-06-300x300.png\" data-width=\"300\" data-height=\"300\" aria-label=\"\" role=\"img\" ><\/div>\n\t\t\t\t\t\t\t\t\t\t\t<div class=\"elementor-gallery-item__overlay\"><\/div>\n\t\t\t\t\t\t\t\t\t\t\t\t\t\t<\/div>\n\t\t\t\t\t\t\t<div class=\"e-gallery-item elementor-gallery-item elementor-animated-content\">\n\t\t\t\t\t<div class=\"e-gallery-image elementor-gallery-item__image\" data-thumbnail=\"https:\/\/tourism-villages.unwto.org\/wp-content\/uploads\/2021\/11\/S-WEB-Goal-07-300x300.png\" data-width=\"300\" data-height=\"300\" aria-label=\"\" role=\"img\" ><\/div>\n\t\t\t\t\t\t\t\t\t\t\t<div class=\"elementor-gallery-item__overlay\"><\/div>\n\t\t\t\t\t\t\t\t\t\t\t\t\t\t<\/div>\n\t\t\t\t\t\t\t<div class=\"e-gallery-item elementor-gallery-item elementor-animated-content\">\n\t\t\t\t\t<div class=\"e-gallery-image elementor-gallery-item__image\" data-thumbnail=\"https:\/\/tourism-villages.unwto.org\/wp-content\/uploads\/2021\/11\/E-WEB-Goal-08-300x300.png\" data-width=\"300\" data-height=\"300\" aria-label=\"\" role=\"img\" ><\/div>\n\t\t\t\t\t\t\t\t\t\t\t<div class=\"elementor-gallery-item__overlay\"><\/div>\n\t\t\t\t\t\t\t\t\t\t\t\t\t\t<\/div>\n\t\t\t\t\t\t\t<div class=\"e-gallery-item elementor-gallery-item elementor-animated-content\">\n\t\t\t\t\t<div class=\"e-gallery-image elementor-gallery-item__image\" data-thumbnail=\"https:\/\/tourism-villages.unwto.org\/wp-content\/uploads\/2021\/11\/E-WEB-Goal-09-300x300.png\" data-width=\"300\" data-height=\"300\" aria-label=\"\" role=\"img\" ><\/div>\n\t\t\t\t\t\t\t\t\t\t\t<div class=\"elementor-gallery-item__overlay\"><\/div>\n\t\t\t\t\t\t\t\t\t\t\t\t\t\t<\/div>\n\t\t\t\t\t\t\t<div class=\"e-gallery-item elementor-gallery-item elementor-animated-content\">\n\t\t\t\t\t<div class=\"e-gallery-image elementor-gallery-item__image\" data-thumbnail=\"https:\/\/tourism-villages.unwto.org\/wp-content\/uploads\/2021\/11\/E-WEB-Goal-10-300x300.png\" data-width=\"300\" data-height=\"300\" aria-label=\"\" role=\"img\" ><\/div>\n\t\t\t\t\t\t\t\t\t\t\t<div class=\"elementor-gallery-item__overlay\"><\/div>\n\t\t\t\t\t\t\t\t\t\t\t\t\t\t<\/div>\n\t\t\t\t\t\t\t<div class=\"e-gallery-item elementor-gallery-item elementor-animated-content\">\n\t\t\t\t\t<div class=\"e-gallery-image elementor-gallery-item__image\" data-thumbnail=\"https:\/\/tourism-villages.unwto.org\/wp-content\/uploads\/2021\/11\/E-WEB-Goal-11-300x300.png\" data-width=\"300\" data-height=\"300\" aria-label=\"\" role=\"img\" ><\/div>\n\t\t\t\t\t\t\t\t\t\t\t<div class=\"elementor-gallery-item__overlay\"><\/div>\n\t\t\t\t\t\t\t\t\t\t\t\t\t\t<\/div>\n\t\t\t\t\t\t\t<div class=\"e-gallery-item elementor-gallery-item elementor-animated-content\">\n\t\t\t\t\t<div class=\"e-gallery-image elementor-gallery-item__image\" data-thumbnail=\"https:\/\/tourism-villages.unwto.org\/wp-content\/uploads\/2021\/11\/E-WEB-Goal-12-300x300.png\" data-width=\"300\" data-height=\"300\" aria-label=\"\" role=\"img\" ><\/div>\n\t\t\t\t\t\t\t\t\t\t\t<div class=\"elementor-gallery-item__overlay\"><\/div>\n\t\t\t\t\t\t\t\t\t\t\t\t\t\t<\/div>\n\t\t\t\t\t\t\t<div class=\"e-gallery-item elementor-gallery-item elementor-animated-content\">\n\t\t\t\t\t<div class=\"e-gallery-image elementor-gallery-item__image\" data-thumbnail=\"https:\/\/tourism-villages.unwto.org\/wp-content\/uploads\/2021\/11\/E-WEB-Goal-13-300x300.png\" data-width=\"300\" data-height=\"300\" aria-label=\"\" role=\"img\" ><\/div>\n\t\t\t\t\t\t\t\t\t\t\t<div class=\"elementor-gallery-item__overlay\"><\/div>\n\t\t\t\t\t\t\t\t\t\t\t\t\t\t<\/div>\n\t\t\t\t\t\t\t<div class=\"e-gallery-item elementor-gallery-item elementor-animated-content\">\n\t\t\t\t\t<div class=\"e-gallery-image elementor-gallery-item__image\" data-thumbnail=\"https:\/\/tourism-villages.unwto.org\/wp-content\/uploads\/2021\/11\/E-WEB-Goal-15-300x300.png\" data-width=\"300\" data-height=\"300\" aria-label=\"\" role=\"img\" ><\/div>\n\t\t\t\t\t\t\t\t\t\t\t<div class=\"elementor-gallery-item__overlay\"><\/div>\n\t\t\t\t\t\t\t\t\t\t\t\t\t\t<\/div>\n\t\t\t\t\t\t\t<div class=\"e-gallery-item elementor-gallery-item elementor-animated-content\">\n\t\t\t\t\t<div class=\"e-gallery-image elementor-gallery-item__image\" data-thumbnail=\"https:\/\/tourism-villages.unwto.org\/wp-content\/uploads\/2021\/11\/E-WEB-Goal-17-300x300.png\" data-width=\"300\" data-height=\"300\" aria-label=\"\" role=\"img\" ><\/div>\n\t\t\t\t\t\t\t\t\t\t\t<div class=\"elementor-gallery-item__overlay\"><\/div>\n\t\t\t\t\t\t\t\t\t\t\t\t\t\t<\/div>\n\t\t\t\t\t<\/div>\n\t\t\t\t\t<\/div>\n\t\t\t\t<\/div>\n\t\t\t\t<div class=\"elementor-element elementor-element-847de5d elementor-widget-divider--view-line elementor-invisible elementor-widget elementor-widget-divider\" data-id=\"847de5d\" data-element_type=\"widget\" data-e-type=\"widget\" data-settings=\"{&quot;_animation&quot;:&quot;fadeIn&quot;}\" data-widget_type=\"divider.default\">\n\t\t\t\t<div class=\"elementor-widget-container\">\n\t\t\t\t\t\t\t<div class=\"elementor-divider\">\n\t\t\t<span class=\"elementor-divider-separator\">\n\t\t\t\t\t\t<\/span>\n\t\t<\/div>\n\t\t\t\t\t\t<\/div>\n\t\t\t\t<\/div>\n\t\t\t\t<div class=\"elementor-element elementor-element-7bd4ba4 elementor-invisible elementor-widget elementor-widget-text-editor\" data-id=\"7bd4ba4\" data-element_type=\"widget\" data-e-type=\"widget\" data-settings=\"{&quot;_animation&quot;:&quot;fadeInLeft&quot;}\" data-widget_type=\"text-editor.default\">\n\t\t\t\t<div class=\"elementor-widget-container\">\n\t\t\t\t\t\t\t\t\t<p>Contactar<\/p>\t\t\t\t\t\t\t\t<\/div>\n\t\t\t\t<\/div>\n\t\t\t\t<div class=\"elementor-element elementor-element-bff28ea elementor-invisible elementor-widget elementor-widget-text-editor\" data-id=\"bff28ea\" data-element_type=\"widget\" data-e-type=\"widget\" data-settings=\"{&quot;_animation&quot;:&quot;fadeIn&quot;}\" data-widget_type=\"text-editor.default\">\n\t\t\t\t<div class=\"elementor-widget-container\">\n\t\t\t\t\t\t\t\t\t<div data-ccp-timestamp=\"1637875353856\">manteigas, Guarda, Centro, Portugal.<br \/><strong><span style=\"color: #d57800;\"><a style=\"color: #d57800;\" href=\"https:\/\/cm-manteigas.pt\/\" target=\"_blank\" rel=\"noopener\">manteigas.pt\/<\/a><\/span><\/strong><span style=\"color: #000000;\"><span style=\"text-decoration: underline;\"><br \/><\/span><\/span><\/div>\t\t\t\t\t\t\t\t<\/div>\n\t\t\t\t<\/div>\n\t\t\t\t\t<\/div>\n\t\t<\/div>\n\t\t\t\t<div class=\"elementor-column elementor-col-50 elementor-top-column elementor-element elementor-element-3c5a1ff\" data-id=\"3c5a1ff\" data-element_type=\"column\" data-e-type=\"column\">\n\t\t\t<div class=\"elementor-widget-wrap elementor-element-populated\">\n\t\t\t\t\t\t<div class=\"elementor-element elementor-element-48c0695 elementor-invisible elementor-widget elementor-widget-text-editor\" data-id=\"48c0695\" data-element_type=\"widget\" data-e-type=\"widget\" data-settings=\"{&quot;_animation&quot;:&quot;fadeIn&quot;}\" data-widget_type=\"text-editor.default\">\n\t\t\t\t<div class=\"elementor-widget-container\">\n\t\t\t\t\t\t\t\t\t<p>Manteigas, ubicado en el coraz\u00f3n de las monta\u00f1as de la Serra da Estrela en Portugal, se erige como un pueblo de monta\u00f1a \u00fanico con una rica historia profundamente arraigada en la lana, la cultura de los pastores y un carisma monta\u00f1\u00e9s cautivador. La regi\u00f3n cuenta con un paisaje impresionante, rebosante de biodiversidad y caracter\u00edsticas geol\u00f3gicas distintivas, ofreciendo a los turistas la oportunidad de sumergirse en un entorno natural impresionante mientras se deleitan con la deliciosa cocina local y experimentan una cultura diversa.<br \/><br \/>Los lazos hist\u00f3ricos del pueblo con el pastoreo y la trashumancia, el movimiento estacional de reba\u00f1os desde las estribaciones de la monta\u00f1a hasta los pastos de alta monta\u00f1a, a\u00f1aden una capa de tradici\u00f3n a Manteigas.<br \/><br \/>Una vez centro de f\u00e1bricas de lana, la zona fue testigo de un resurgimiento en la \u00faltima d\u00e9cada, abrazando la sostenibilidad, el dise\u00f1o y la creatividad. Esta industria revitalizada no solo transform\u00f3 socialmente a Manteigas al crear empleos, sino que tambi\u00e9n vigoriz\u00f3 el turismo, preservando la identidad del pueblo.<br \/><br \/>Los recursos culturales abundan, destacando el complejo sanatorial de Penhas Douradas, un refugio del siglo XIX para el tratamiento de enfermedades respiratorias en altitud. La Industria do Lanif\u00edcios Manteigas, un actor clave en el desarrollo de cuerdas de lana, experiment\u00f3 un renacimiento sostenible, influyendo tanto en el empleo como en el turismo. La gastronom\u00eda toma protagonismo como s\u00edmbolo cultural, mostrando la identidad de la monta\u00f1a a trav\u00e9s de diversos productos como el queso Serra da Estrela, cordero y cabrito.<br \/><br \/>Los recursos naturales en Manteigas son igualmente impresionantes. El pueblo alberga una geodiversidad glaciar de importancia nacional e internacional, que incluye el Valle Glaciar del Z\u00eazere. La extraordinaria biodiversidad de la regi\u00f3n abarca flora y fauna \u00fanicas adaptadas a h\u00e1bitats de monta\u00f1a, mientras que la hidrograf\u00eda muestra las fuentes de los dos principales r\u00edos de Portugal (Z\u00eazere y Mondego) y los lagos alpinos m\u00e1s grandes del pa\u00eds. Manteigas preserva con orgullo un valioso patrimonio forestal, proporcionando servicios econ\u00f3micos y ambientales cruciales para el futuro sostenible del pueblo.<br \/><br \/>A\u00f1adiendo a la atracci\u00f3n se encuentran lugares como la Rota das Faias, una pintoresca ruta a trav\u00e9s de bosques de faias, y el resurgimiento de la Feijoca de Manteigas en la cocina local, celebrada a trav\u00e9s de una Ruta Gastron\u00f3mica. Manteigas emerge como un destino cautivador, que mezcla tradici\u00f3n, sostenibilidad y esplendor natural para ofrecer a los visitantes una experiencia multifac\u00e9tica e inolvidable.<\/p>\t\t\t\t\t\t\t\t<\/div>\n\t\t\t\t<\/div>\n\t\t\t\t\t<\/div>\n\t\t<\/div>\n\t\t\t\t\t<\/div>\n\t\t<\/section>\n\t\t\t\t<section class=\"elementor-section elementor-top-section elementor-element elementor-element-4b26594 elementor-section-boxed elementor-section-height-default elementor-section-height-default\" data-id=\"4b26594\" data-element_type=\"section\" data-e-type=\"section\">\n\t\t\t\t\t\t<div class=\"elementor-container elementor-column-gap-default\">\n\t\t\t\t\t<div class=\"elementor-column elementor-col-100 elementor-top-column elementor-element elementor-element-5598267\" data-id=\"5598267\" data-element_type=\"column\" data-e-type=\"column\">\n\t\t\t<div class=\"elementor-widget-wrap elementor-element-populated\">\n\t\t\t\t\t\t<div class=\"elementor-element elementor-element-d8df418 elementor-widget elementor-widget-spacer\" data-id=\"d8df418\" data-element_type=\"widget\" data-e-type=\"widget\" data-widget_type=\"spacer.default\">\n\t\t\t\t<div class=\"elementor-widget-container\">\n\t\t\t\t\t\t\t<div class=\"elementor-spacer\">\n\t\t\t<div class=\"elementor-spacer-inner\"><\/div>\n\t\t<\/div>\n\t\t\t\t\t\t<\/div>\n\t\t\t\t<\/div>\n\t\t\t\t\t<\/div>\n\t\t<\/div>\n\t\t\t\t\t<\/div>\n\t\t<\/section>\n\t\t\t\t<section class=\"elementor-section elementor-top-section elementor-element elementor-element-d575185 elementor-section-boxed elementor-section-height-default elementor-section-height-default\" data-id=\"d575185\" data-element_type=\"section\" data-e-type=\"section\">\n\t\t\t\t\t\t<div class=\"elementor-container elementor-column-gap-default\">\n\t\t\t\t\t<div class=\"elementor-column elementor-col-100 elementor-top-column elementor-element elementor-element-1fcffac\" data-id=\"1fcffac\" data-element_type=\"column\" data-e-type=\"column\">\n\t\t\t<div class=\"elementor-widget-wrap elementor-element-populated\">\n\t\t\t\t\t\t<section class=\"elementor-section elementor-inner-section elementor-element elementor-element-7d71a56 elementor-section-boxed elementor-section-height-default elementor-section-height-default\" data-id=\"7d71a56\" data-element_type=\"section\" data-e-type=\"section\">\n\t\t\t\t\t\t<div class=\"elementor-container elementor-column-gap-default\">\n\t\t\t\t\t<div class=\"elementor-column elementor-col-50 elementor-inner-column elementor-element elementor-element-dc24af7\" data-id=\"dc24af7\" data-element_type=\"column\" data-e-type=\"column\">\n\t\t\t<div class=\"elementor-widget-wrap elementor-element-populated\">\n\t\t\t\t\t\t<div class=\"elementor-element elementor-element-6fd14f9 elementor-invisible elementor-widget elementor-widget-heading\" data-id=\"6fd14f9\" data-element_type=\"widget\" data-e-type=\"widget\" data-settings=\"{&quot;_animation&quot;:&quot;fadeInDown&quot;}\" data-widget_type=\"heading.default\">\n\t\t\t\t<div class=\"elementor-widget-container\">\n\t\t\t\t\t<h2 class=\"elementor-heading-title elementor-size-default\">PUNTOS FUERTES<\/h2>\t\t\t\t<\/div>\n\t\t\t\t<\/div>\n\t\t\t\t\t<\/div>\n\t\t<\/div>\n\t\t\t\t<div class=\"elementor-column elementor-col-50 elementor-inner-column elementor-element elementor-element-afdd443\" data-id=\"afdd443\" data-element_type=\"column\" data-e-type=\"column\">\n\t\t\t<div class=\"elementor-widget-wrap\">\n\t\t\t\t\t\t\t<\/div>\n\t\t<\/div>\n\t\t\t\t\t<\/div>\n\t\t<\/section>\n\t\t\t\t<section class=\"elementor-section elementor-inner-section elementor-element elementor-element-4109c90 elementor-section-boxed elementor-section-height-default elementor-section-height-default\" data-id=\"4109c90\" data-element_type=\"section\" data-e-type=\"section\">\n\t\t\t\t\t\t<div class=\"elementor-container elementor-column-gap-default\">\n\t\t\t\t\t<div class=\"elementor-column elementor-col-50 elementor-inner-column elementor-element elementor-element-8b914cc\" data-id=\"8b914cc\" data-element_type=\"column\" data-e-type=\"column\">\n\t\t\t<div class=\"elementor-widget-wrap elementor-element-populated\">\n\t\t\t\t\t\t<div class=\"elementor-element elementor-element-978034b elementor-invisible elementor-widget elementor-widget-heading\" data-id=\"978034b\" data-element_type=\"widget\" data-e-type=\"widget\" data-settings=\"{&quot;_animation&quot;:&quot;fadeInDown&quot;}\" data-widget_type=\"heading.default\">\n\t\t\t\t<div class=\"elementor-widget-container\">\n\t\t\t\t\t<p class=\"elementor-heading-title elementor-size-default\">-<\/p>\t\t\t\t<\/div>\n\t\t\t\t<\/div>\n\t\t\t\t<div class=\"elementor-element elementor-element-8e1bc52 elementor-invisible elementor-widget elementor-widget-image\" data-id=\"8e1bc52\" data-element_type=\"widget\" data-e-type=\"widget\" data-settings=\"{&quot;_animation&quot;:&quot;fadeIn&quot;}\" data-widget_type=\"image.default\">\n\t\t\t\t<div class=\"elementor-widget-container\">\n\t\t\t\t\t\t\t\t\t\t\t\t\t\t\t<img fetchpriority=\"high\" decoding=\"async\" width=\"300\" height=\"208\" src=\"https:\/\/tourism-villages.unwto.org\/wp-content\/uploads\/2023\/10\/cover-13-300x208.jpg\" class=\"attachment-medium size-medium wp-image-16029\" alt=\"\" srcset=\"https:\/\/tourism-villages.unwto.org\/wp-content\/uploads\/2023\/10\/cover-13-300x208.jpg 300w, https:\/\/tourism-villages.unwto.org\/wp-content\/uploads\/2023\/10\/cover-13-1024x709.jpg 1024w, https:\/\/tourism-villages.unwto.org\/wp-content\/uploads\/2023\/10\/cover-13-768x532.jpg 768w, https:\/\/tourism-villages.unwto.org\/wp-content\/uploads\/2023\/10\/cover-13-1536x1063.jpg 1536w, https:\/\/tourism-villages.unwto.org\/wp-content\/uploads\/2023\/10\/cover-13-2048x1418.jpg 2048w\" sizes=\"(max-width: 300px) 100vw, 300px\" \/>\t\t\t\t\t\t\t\t\t\t\t\t\t\t\t<\/div>\n\t\t\t\t<\/div>\n\t\t\t\t\t<\/div>\n\t\t<\/div>\n\t\t\t\t<div class=\"elementor-column elementor-col-50 elementor-inner-column elementor-element elementor-element-4a8cbea\" data-id=\"4a8cbea\" data-element_type=\"column\" data-e-type=\"column\">\n\t\t\t<div class=\"elementor-widget-wrap elementor-element-populated\">\n\t\t\t\t\t\t<div class=\"elementor-element elementor-element-f638c86 elementor-invisible elementor-widget elementor-widget-heading\" data-id=\"f638c86\" data-element_type=\"widget\" data-e-type=\"widget\" data-settings=\"{&quot;_animation&quot;:&quot;fadeInDown&quot;}\" data-widget_type=\"heading.default\">\n\t\t\t\t<div class=\"elementor-widget-container\">\n\t\t\t\t\t<p class=\"elementor-heading-title elementor-size-default\">Renacimiento de la lana: Semana de la innovaci\u00f3n en lana terrestre<\/p>\t\t\t\t<\/div>\n\t\t\t\t<\/div>\n\t\t\t\t<div class=\"elementor-element elementor-element-c1e00af elementor-invisible elementor-widget elementor-widget-text-editor\" data-id=\"c1e00af\" data-element_type=\"widget\" data-e-type=\"widget\" data-settings=\"{&quot;_animation&quot;:&quot;fadeIn&quot;}\" data-widget_type=\"text-editor.default\">\n\t\t\t\t<div class=\"elementor-widget-container\">\n\t\t\t\t\t\t\t\t\t<p>En el encantador entorno de la Semana de la Innovaci\u00f3n de la Lana Terrestre, un proyecto donde la lana ocupa un lugar central, catalizando una combinaci\u00f3n din\u00e1mica de actividades e iniciativas destinadas a mejorar los paisajes y las comunidades locales. Este proyecto visionario entrelaza a la perfecci\u00f3n lana, pastores, ovejas y entornos pintorescos, albergando residencias creativas, charlas esclarecedoras, jornadas de puertas abiertas, talleres y exposiciones. El evento de una semana de duraci\u00f3n, que atrae a una multitud diversa de investigadores, dise\u00f1adores, estudiantes y turistas curiosos, se centra en descubrir el potencial de la lana como recurso local sostenible e intr\u00ednseco. Al fomentar las conexiones entre la naturaleza y la creatividad, esta iniciativa no solo imparte conocimientos, sino que tambi\u00e9n provoca un renacimiento, animando a los participantes a repensar y reimaginar el papel de la lana. La Semana de la Innovaci\u00f3n de la Lana Terrestre surge como una fuerza transformadora, que da nueva vida a la industria de la lana y al mismo tiempo armoniza la tradici\u00f3n con los ideales contempor\u00e1neos de sostenibilidad.<\/p>\t\t\t\t\t\t\t\t<\/div>\n\t\t\t\t<\/div>\n\t\t\t\t\t<\/div>\n\t\t<\/div>\n\t\t\t\t\t<\/div>\n\t\t<\/section>\n\t\t\t\t<section class=\"elementor-section elementor-inner-section elementor-element elementor-element-b5ef3b0 elementor-section-boxed elementor-section-height-default elementor-section-height-default\" data-id=\"b5ef3b0\" data-element_type=\"section\" data-e-type=\"section\">\n\t\t\t\t\t\t<div class=\"elementor-container elementor-column-gap-default\">\n\t\t\t\t\t<div class=\"elementor-column elementor-col-50 elementor-inner-column elementor-element elementor-element-a58659a\" data-id=\"a58659a\" data-element_type=\"column\" data-e-type=\"column\">\n\t\t\t<div class=\"elementor-widget-wrap elementor-element-populated\">\n\t\t\t\t\t\t<div class=\"elementor-element elementor-element-9a6a3f1 elementor-invisible elementor-widget elementor-widget-heading\" data-id=\"9a6a3f1\" data-element_type=\"widget\" data-e-type=\"widget\" data-settings=\"{&quot;_animation&quot;:&quot;fadeInDown&quot;}\" data-widget_type=\"heading.default\">\n\t\t\t\t<div class=\"elementor-widget-container\">\n\t\t\t\t\t<p class=\"elementor-heading-title elementor-size-default\">-<\/p>\t\t\t\t<\/div>\n\t\t\t\t<\/div>\n\t\t\t\t<div class=\"elementor-element elementor-element-c8bb234 elementor-invisible elementor-widget elementor-widget-image\" data-id=\"c8bb234\" data-element_type=\"widget\" data-e-type=\"widget\" data-settings=\"{&quot;_animation&quot;:&quot;fadeIn&quot;}\" data-widget_type=\"image.default\">\n\t\t\t\t<div class=\"elementor-widget-container\">\n\t\t\t\t\t\t\t\t\t\t\t\t\t\t\t<img decoding=\"async\" width=\"300\" height=\"200\" src=\"https:\/\/tourism-villages.unwto.org\/wp-content\/uploads\/2023\/10\/1687557222-portugal_Manteigas_1-Bosque_das_Faias_Pedro_Ribeiro__1-min.original-300x200.jpg\" class=\"attachment-medium size-medium wp-image-16032\" alt=\"\" srcset=\"https:\/\/tourism-villages.unwto.org\/wp-content\/uploads\/2023\/10\/1687557222-portugal_Manteigas_1-Bosque_das_Faias_Pedro_Ribeiro__1-min.original-300x200.jpg 300w, https:\/\/tourism-villages.unwto.org\/wp-content\/uploads\/2023\/10\/1687557222-portugal_Manteigas_1-Bosque_das_Faias_Pedro_Ribeiro__1-min.original-1024x683.jpg 1024w, https:\/\/tourism-villages.unwto.org\/wp-content\/uploads\/2023\/10\/1687557222-portugal_Manteigas_1-Bosque_das_Faias_Pedro_Ribeiro__1-min.original-768x512.jpg 768w, https:\/\/tourism-villages.unwto.org\/wp-content\/uploads\/2023\/10\/1687557222-portugal_Manteigas_1-Bosque_das_Faias_Pedro_Ribeiro__1-min.original-1536x1024.jpg 1536w, https:\/\/tourism-villages.unwto.org\/wp-content\/uploads\/2023\/10\/1687557222-portugal_Manteigas_1-Bosque_das_Faias_Pedro_Ribeiro__1-min.original.jpg 1920w\" sizes=\"(max-width: 300px) 100vw, 300px\" \/>\t\t\t\t\t\t\t\t\t\t\t\t\t\t\t<\/div>\n\t\t\t\t<\/div>\n\t\t\t\t\t<\/div>\n\t\t<\/div>\n\t\t\t\t<div class=\"elementor-column elementor-col-50 elementor-inner-column elementor-element elementor-element-782c1d0\" data-id=\"782c1d0\" data-element_type=\"column\" data-e-type=\"column\">\n\t\t\t<div class=\"elementor-widget-wrap elementor-element-populated\">\n\t\t\t\t\t\t<div class=\"elementor-element elementor-element-400e86b elementor-invisible elementor-widget elementor-widget-heading\" data-id=\"400e86b\" data-element_type=\"widget\" data-e-type=\"widget\" data-settings=\"{&quot;_animation&quot;:&quot;fadeInDown&quot;}\" data-widget_type=\"heading.default\">\n\t\t\t\t<div class=\"elementor-widget-container\">\n\t\t\t\t\t<p class=\"elementor-heading-title elementor-size-default\">Fomentar el emprendimiento y la revitalizaci\u00f3n del patrimonio<\/p>\t\t\t\t<\/div>\n\t\t\t\t<\/div>\n\t\t\t\t<div class=\"elementor-element elementor-element-7f9eb28 elementor-invisible elementor-widget elementor-widget-text-editor\" data-id=\"7f9eb28\" data-element_type=\"widget\" data-e-type=\"widget\" data-settings=\"{&quot;_animation&quot;:&quot;fadeIn&quot;}\" data-widget_type=\"text-editor.default\">\n\t\t\t\t<div class=\"elementor-widget-container\">\n\t\t\t\t\t\t\t\t\t<p>El municipio de Manteigas presenta un s\u00f3lido plan municipal dedicado a fomentar el emprendimiento y dar nueva vida a su patrimonio. En el centro de esta iniciativa se encuentran la Oficina de Apoyo a la Inversi\u00f3n y la Oficina de Integraci\u00f3n Profesional, que desempe\u00f1an un papel decisivo en el apoyo a las empresas emergentes. Manteigas reutiliza creativamente f\u00e1bricas de lana abandonadas en espacios para la producci\u00f3n de Burel y negocios de turismo de naturaleza, proporcionando instalaciones gratuitas para fomentar los esfuerzos empresariales. Junto con socios clave, incluida la red de aldeas de monta\u00f1a e instituciones acad\u00e9micas, el municipio acelera ideas comerciales innovadoras y recompensa la excelencia a trav\u00e9s de la comunidad intermunicipal. Mientras tanto, los molinos de lana de Manteigas atraen a miles de personas, cuentan la historia de la producci\u00f3n de Burel y muestran usos innovadores del tejido de lana tradicional. La integraci\u00f3n de la industria y el turismo se ejemplifica en las Empresas Burel que tambi\u00e9n poseen hoteles, simbolizando el compromiso de Manteigas con el rejuvenecimiento econ\u00f3mico y la preservaci\u00f3n de su patrimonio cultural.<\/p>\t\t\t\t\t\t\t\t<\/div>\n\t\t\t\t<\/div>\n\t\t\t\t\t<\/div>\n\t\t<\/div>\n\t\t\t\t\t<\/div>\n\t\t<\/section>\n\t\t\t\t<section class=\"elementor-section elementor-inner-section elementor-element elementor-element-e612c5b elementor-section-boxed elementor-section-height-default elementor-section-height-default\" data-id=\"e612c5b\" data-element_type=\"section\" data-e-type=\"section\">\n\t\t\t\t\t\t<div class=\"elementor-container elementor-column-gap-default\">\n\t\t\t\t\t<div class=\"elementor-column elementor-col-50 elementor-inner-column elementor-element elementor-element-e8be08e\" data-id=\"e8be08e\" data-element_type=\"column\" data-e-type=\"column\">\n\t\t\t<div class=\"elementor-widget-wrap elementor-element-populated\">\n\t\t\t\t\t\t<div class=\"elementor-element elementor-element-81af991 elementor-invisible elementor-widget elementor-widget-heading\" data-id=\"81af991\" data-element_type=\"widget\" data-e-type=\"widget\" data-settings=\"{&quot;_animation&quot;:&quot;fadeInDown&quot;}\" data-widget_type=\"heading.default\">\n\t\t\t\t<div class=\"elementor-widget-container\">\n\t\t\t\t\t<p class=\"elementor-heading-title elementor-size-default\">-<\/p>\t\t\t\t<\/div>\n\t\t\t\t<\/div>\n\t\t\t\t<div class=\"elementor-element elementor-element-67f160b elementor-invisible elementor-widget elementor-widget-image\" data-id=\"67f160b\" data-element_type=\"widget\" data-e-type=\"widget\" data-settings=\"{&quot;_animation&quot;:&quot;fadeIn&quot;}\" data-widget_type=\"image.default\">\n\t\t\t\t<div class=\"elementor-widget-container\">\n\t\t\t\t\t\t\t\t\t\t\t\t\t\t\t<img decoding=\"async\" width=\"300\" height=\"200\" src=\"https:\/\/tourism-villages.unwto.org\/wp-content\/uploads\/2023\/10\/1687557222-portugal_Manteigas_10-Vila_de_Manteigas_08-min.original-300x200.jpg\" class=\"attachment-medium size-medium wp-image-16035\" alt=\"\" srcset=\"https:\/\/tourism-villages.unwto.org\/wp-content\/uploads\/2023\/10\/1687557222-portugal_Manteigas_10-Vila_de_Manteigas_08-min.original-300x200.jpg 300w, https:\/\/tourism-villages.unwto.org\/wp-content\/uploads\/2023\/10\/1687557222-portugal_Manteigas_10-Vila_de_Manteigas_08-min.original-1024x683.jpg 1024w, https:\/\/tourism-villages.unwto.org\/wp-content\/uploads\/2023\/10\/1687557222-portugal_Manteigas_10-Vila_de_Manteigas_08-min.original-768x512.jpg 768w, https:\/\/tourism-villages.unwto.org\/wp-content\/uploads\/2023\/10\/1687557222-portugal_Manteigas_10-Vila_de_Manteigas_08-min.original-1536x1024.jpg 1536w, https:\/\/tourism-villages.unwto.org\/wp-content\/uploads\/2023\/10\/1687557222-portugal_Manteigas_10-Vila_de_Manteigas_08-min.original.jpg 1920w\" sizes=\"(max-width: 300px) 100vw, 300px\" \/>\t\t\t\t\t\t\t\t\t\t\t\t\t\t\t<\/div>\n\t\t\t\t<\/div>\n\t\t\t\t\t<\/div>\n\t\t<\/div>\n\t\t\t\t<div class=\"elementor-column elementor-col-50 elementor-inner-column elementor-element elementor-element-33ab56f\" data-id=\"33ab56f\" data-element_type=\"column\" data-e-type=\"column\">\n\t\t\t<div class=\"elementor-widget-wrap elementor-element-populated\">\n\t\t\t\t\t\t<div class=\"elementor-element elementor-element-d64e605 elementor-invisible elementor-widget elementor-widget-heading\" data-id=\"d64e605\" data-element_type=\"widget\" data-e-type=\"widget\" data-settings=\"{&quot;_animation&quot;:&quot;fadeInDown&quot;}\" data-widget_type=\"heading.default\">\n\t\t\t\t<div class=\"elementor-widget-container\">\n\t\t\t\t\t<p class=\"elementor-heading-title elementor-size-default\">Iluminando la sostenibilidad<\/p>\t\t\t\t<\/div>\n\t\t\t\t<\/div>\n\t\t\t\t<div class=\"elementor-element elementor-element-f670f22 elementor-invisible elementor-widget elementor-widget-text-editor\" data-id=\"f670f22\" data-element_type=\"widget\" data-e-type=\"widget\" data-settings=\"{&quot;_animation&quot;:&quot;fadeIn&quot;}\" data-widget_type=\"text-editor.default\">\n\t\t\t\t<div class=\"elementor-widget-container\">\n\t\t\t\t\t\t\t\t\t<p>Manteigas est\u00e1 a la vanguardia de un viaje transformador hacia la sostenibilidad. Con un ambicioso plan para modernizar el alumbrado p\u00fablico con tecnolog\u00edas de \u00faltima generaci\u00f3n, el municipio prev\u00e9 importantes reducciones en el consumo de energ\u00eda y las emisiones de carbono. El inminente Mountain Living Energy Center va mucho m\u00e1s all\u00e1 de un simple espacio de exploraci\u00f3n de monta\u00f1as. Servir\u00e1 como un centro educativo, ofreciendo contenido digital, herramientas interactivas y laboratorios experimentales para educar y capacitar a los residentes y visitantes sobre pr\u00e1cticas eficientes de consumo de agua y energ\u00eda.<\/p><p>Adem\u00e1s, Manteigas est\u00e1 lanzando un proyecto piloto de clasificaci\u00f3n de biorresiduos, utilizando quemadores de biocombustibles para crear abono org\u00e1nico para jardines comunitarios, promoviendo as\u00ed la sostenibilidad y la participaci\u00f3n comunitaria. Ubicado en la ecol\u00f3gicamente sensible Serra da Estrela, el pueblo prioriza el comportamiento responsable, fomentando un impacto ambiental m\u00ednimo y apoyando la econom\u00eda local. Los esfuerzos de colaboraci\u00f3n entre entidades p\u00fablicas, industrias, peque\u00f1as empresas, organizaciones sociales e instituciones educativas subrayan el compromiso de Manteigas con la conciencia ambiental y el progreso sostenible.<\/p>\t\t\t\t\t\t\t\t<\/div>\n\t\t\t\t<\/div>\n\t\t\t\t\t<\/div>\n\t\t<\/div>\n\t\t\t\t\t<\/div>\n\t\t<\/section>\n\t\t\t\t\t<\/div>\n\t\t<\/div>\n\t\t\t\t\t<\/div>\n\t\t<\/section>\n\t\t\t\t<section class=\"elementor-section elementor-top-section elementor-element elementor-element-2aef2d5 elementor-section-boxed elementor-section-height-default elementor-section-height-default\" data-id=\"2aef2d5\" data-element_type=\"section\" data-e-type=\"section\">\n\t\t\t\t\t\t<div class=\"elementor-container elementor-column-gap-default\">\n\t\t\t\t\t<div class=\"elementor-column elementor-col-100 elementor-top-column elementor-element elementor-element-1e72e78\" data-id=\"1e72e78\" data-element_type=\"column\" data-e-type=\"column\">\n\t\t\t<div class=\"elementor-widget-wrap elementor-element-populated\">\n\t\t\t\t\t\t<div class=\"elementor-element elementor-element-9399354 elementor-widget elementor-widget-spacer\" data-id=\"9399354\" data-element_type=\"widget\" data-e-type=\"widget\" data-widget_type=\"spacer.default\">\n\t\t\t\t<div class=\"elementor-widget-container\">\n\t\t\t\t\t\t\t<div class=\"elementor-spacer\">\n\t\t\t<div class=\"elementor-spacer-inner\"><\/div>\n\t\t<\/div>\n\t\t\t\t\t\t<\/div>\n\t\t\t\t<\/div>\n\t\t\t\t\t<\/div>\n\t\t<\/div>\n\t\t\t\t\t<\/div>\n\t\t<\/section>\n\t\t\t\t<section class=\"elementor-section elementor-top-section elementor-element elementor-element-f05c24b elementor-section-content-middle elementor-section-full_width elementor-section-stretched elementor-section-height-default elementor-section-height-default elementor-invisible\" data-id=\"f05c24b\" data-element_type=\"section\" data-e-type=\"section\" data-settings=\"{&quot;background_background&quot;:&quot;classic&quot;,&quot;stretch_section&quot;:&quot;section-stretched&quot;,&quot;animation&quot;:&quot;fadeIn&quot;}\">\n\t\t\t\t\t\t<div class=\"elementor-container elementor-column-gap-default\">\n\t\t\t\t\t<div class=\"elementor-column elementor-col-50 elementor-top-column elementor-element elementor-element-75e9d6c\" data-id=\"75e9d6c\" data-element_type=\"column\" data-e-type=\"column\">\n\t\t\t<div class=\"elementor-widget-wrap elementor-element-populated\">\n\t\t\t\t\t\t<div class=\"elementor-element elementor-element-469c618 elementor-widget elementor-widget-spacer\" data-id=\"469c618\" data-element_type=\"widget\" data-e-type=\"widget\" data-widget_type=\"spacer.default\">\n\t\t\t\t<div class=\"elementor-widget-container\">\n\t\t\t\t\t\t\t<div class=\"elementor-spacer\">\n\t\t\t<div class=\"elementor-spacer-inner\"><\/div>\n\t\t<\/div>\n\t\t\t\t\t\t<\/div>\n\t\t\t\t<\/div>\n\t\t\t\t<section class=\"elementor-section elementor-inner-section elementor-element elementor-element-7fb43c9 elementor-section-boxed elementor-section-height-default elementor-section-height-default\" data-id=\"7fb43c9\" data-element_type=\"section\" data-e-type=\"section\">\n\t\t\t\t\t\t<div class=\"elementor-container elementor-column-gap-default\">\n\t\t\t\t\t<div class=\"elementor-column elementor-col-50 elementor-inner-column elementor-element elementor-element-1fe9a04\" data-id=\"1fe9a04\" data-element_type=\"column\" data-e-type=\"column\" data-settings=\"{&quot;background_background&quot;:&quot;classic&quot;}\">\n\t\t\t<div class=\"elementor-widget-wrap elementor-element-populated\">\n\t\t\t\t\t\t<div class=\"elementor-element elementor-element-69c1941 elementor-invisible elementor-widget elementor-widget-image\" data-id=\"69c1941\" data-element_type=\"widget\" data-e-type=\"widget\" data-settings=\"{&quot;_animation&quot;:&quot;fadeInDown&quot;}\" data-widget_type=\"image.default\">\n\t\t\t\t<div class=\"elementor-widget-container\">\n\t\t\t\t\t\t\t\t\t\t\t\t\t\t\t<img loading=\"lazy\" decoding=\"async\" width=\"1754\" height=\"1241\" src=\"https:\/\/tourism-villages.unwto.org\/wp-content\/uploads\/2022\/12\/BTV_Logo_UNTourism-04.png\" class=\"attachment-full size-full wp-image-18738\" alt=\"\" srcset=\"https:\/\/tourism-villages.unwto.org\/wp-content\/uploads\/2022\/12\/BTV_Logo_UNTourism-04.png 1754w, https:\/\/tourism-villages.unwto.org\/wp-content\/uploads\/2022\/12\/BTV_Logo_UNTourism-04-300x212.png 300w, https:\/\/tourism-villages.unwto.org\/wp-content\/uploads\/2022\/12\/BTV_Logo_UNTourism-04-1024x725.png 1024w, https:\/\/tourism-villages.unwto.org\/wp-content\/uploads\/2022\/12\/BTV_Logo_UNTourism-04-768x543.png 768w, https:\/\/tourism-villages.unwto.org\/wp-content\/uploads\/2022\/12\/BTV_Logo_UNTourism-04-1536x1087.png 1536w\" sizes=\"(max-width: 1754px) 100vw, 1754px\" \/>\t\t\t\t\t\t\t\t\t\t\t\t\t\t\t<\/div>\n\t\t\t\t<\/div>\n\t\t\t\t\t<\/div>\n\t\t<\/div>\n\t\t\t\t<div class=\"elementor-column elementor-col-50 elementor-inner-column elementor-element elementor-element-1d3770d\" data-id=\"1d3770d\" data-element_type=\"column\" data-e-type=\"column\">\n\t\t\t<div class=\"elementor-widget-wrap\">\n\t\t\t\t\t\t\t<\/div>\n\t\t<\/div>\n\t\t\t\t\t<\/div>\n\t\t<\/section>\n\t\t\t\t<section class=\"elementor-section elementor-inner-section elementor-element elementor-element-b5f5d98 elementor-section-boxed elementor-section-height-default elementor-section-height-default\" data-id=\"b5f5d98\" data-element_type=\"section\" data-e-type=\"section\">\n\t\t\t\t\t\t<div class=\"elementor-container elementor-column-gap-default\">\n\t\t\t\t\t<div class=\"elementor-column elementor-col-25 elementor-inner-column elementor-element elementor-element-e576389\" data-id=\"e576389\" data-element_type=\"column\" data-e-type=\"column\">\n\t\t\t<div class=\"elementor-widget-wrap\">\n\t\t\t\t\t\t\t<\/div>\n\t\t<\/div>\n\t\t\t\t<div class=\"elementor-column elementor-col-25 elementor-inner-column elementor-element elementor-element-0f3114b\" data-id=\"0f3114b\" data-element_type=\"column\" data-e-type=\"column\">\n\t\t\t<div class=\"elementor-widget-wrap elementor-element-populated\">\n\t\t\t\t\t\t<div class=\"elementor-element elementor-element-80e962d elementor-hidden-desktop elementor-invisible elementor-widget elementor-widget-button\" data-id=\"80e962d\" data-element_type=\"widget\" data-e-type=\"widget\" data-settings=\"{&quot;_animation&quot;:&quot;zoomIn&quot;}\" data-widget_type=\"button.default\">\n\t\t\t\t<div class=\"elementor-widget-container\">\n\t\t\t\t\t\t\t\t\t<div class=\"elementor-button-wrapper\">\n\t\t\t\t\t<a class=\"elementor-button elementor-button-link elementor-size-lg\" href=\"https:\/\/www.unwto.org\/tourism-villages\/en\/villages\/\">\n\t\t\t\t\t\t<span class=\"elementor-button-content-wrapper\">\n\t\t\t\t\t\t\t\t\t<span class=\"elementor-button-text\">CONOCE LOS PUEBLOS<\/span>\n\t\t\t\t\t<\/span>\n\t\t\t\t\t<\/a>\n\t\t\t\t<\/div>\n\t\t\t\t\t\t\t\t<\/div>\n\t\t\t\t<\/div>\n\t\t\t\t<div class=\"elementor-element elementor-element-b529527 unwto-btn elementor-hidden-tablet elementor-hidden-phone elementor-invisible elementor-widget elementor-widget-button\" data-id=\"b529527\" data-element_type=\"widget\" data-e-type=\"widget\" data-settings=\"{&quot;_animation&quot;:&quot;zoomIn&quot;}\" data-widget_type=\"button.default\">\n\t\t\t\t<div class=\"elementor-widget-container\">\n\t\t\t\t\t\t\t\t\t<div class=\"elementor-button-wrapper\">\n\t\t\t\t\t<a class=\"elementor-button elementor-button-link elementor-size-lg\" href=\"https:\/\/www.unwto.org\/tourism-villages\/en\/villages\/\">\n\t\t\t\t\t\t<span class=\"elementor-button-content-wrapper\">\n\t\t\t\t\t\t\t\t\t<span class=\"elementor-button-text\">CONOCE LOS PUEBLOS<\/span>\n\t\t\t\t\t<\/span>\n\t\t\t\t\t<\/a>\n\t\t\t\t<\/div>\n\t\t\t\t\t\t\t\t<\/div>\n\t\t\t\t<\/div>\n\t\t\t\t\t<\/div>\n\t\t<\/div>\n\t\t\t\t<div class=\"elementor-column elementor-col-25 elementor-inner-column elementor-element elementor-element-9930035\" data-id=\"9930035\" data-element_type=\"column\" data-e-type=\"column\">\n\t\t\t<div class=\"elementor-widget-wrap\">\n\t\t\t\t\t\t\t<\/div>\n\t\t<\/div>\n\t\t\t\t<div class=\"elementor-column elementor-col-25 elementor-inner-column elementor-element elementor-element-34af0c3\" data-id=\"34af0c3\" data-element_type=\"column\" data-e-type=\"column\">\n\t\t\t<div class=\"elementor-widget-wrap\">\n\t\t\t\t\t\t\t<\/div>\n\t\t<\/div>\n\t\t\t\t\t<\/div>\n\t\t<\/section>\n\t\t\t\t<section class=\"elementor-section elementor-inner-section elementor-element elementor-element-fb3630a elementor-section-boxed elementor-section-height-default elementor-section-height-default\" data-id=\"fb3630a\" data-element_type=\"section\" data-e-type=\"section\">\n\t\t\t\t\t\t<div class=\"elementor-container elementor-column-gap-default\">\n\t\t\t\t\t<div class=\"elementor-column elementor-col-100 elementor-inner-column elementor-element elementor-element-a1c0e4d\" data-id=\"a1c0e4d\" data-element_type=\"column\" data-e-type=\"column\">\n\t\t\t<div class=\"elementor-widget-wrap elementor-element-populated\">\n\t\t\t\t\t\t<div class=\"elementor-element elementor-element-8131fbb elementor-widget elementor-widget-spacer\" data-id=\"8131fbb\" data-element_type=\"widget\" data-e-type=\"widget\" data-widget_type=\"spacer.default\">\n\t\t\t\t<div class=\"elementor-widget-container\">\n\t\t\t\t\t\t\t<div class=\"elementor-spacer\">\n\t\t\t<div class=\"elementor-spacer-inner\"><\/div>\n\t\t<\/div>\n\t\t\t\t\t\t<\/div>\n\t\t\t\t<\/div>\n\t\t\t\t\t<\/div>\n\t\t<\/div>\n\t\t\t\t\t<\/div>\n\t\t<\/section>\n\t\t\t\t\t<\/div>\n\t\t<\/div>\n\t\t\t\t<div class=\"elementor-column elementor-col-50 elementor-top-column elementor-element elementor-element-ef66019\" data-id=\"ef66019\" data-element_type=\"column\" data-e-type=\"column\">\n\t\t\t<div class=\"elementor-widget-wrap elementor-element-populated\">\n\t\t\t\t\t\t<div class=\"elementor-element elementor-element-e4d7cf1 elementor-hidden-tablet elementor-hidden-phone elementor-widget elementor-widget-spacer\" data-id=\"e4d7cf1\" data-element_type=\"widget\" data-e-type=\"widget\" data-widget_type=\"spacer.default\">\n\t\t\t\t<div class=\"elementor-widget-container\">\n\t\t\t\t\t\t\t<div class=\"elementor-spacer\">\n\t\t\t<div class=\"elementor-spacer-inner\"><\/div>\n\t\t<\/div>\n\t\t\t\t\t\t<\/div>\n\t\t\t\t<\/div>\n\t\t\t\t\t<\/div>\n\t\t<\/div>\n\t\t\t\t\t<\/div>\n\t\t<\/section>\n\t\t\t\t<\/div>\n\t\t","protected":false},"excerpt":{"rendered":"<p>Manteigas PORTUGALManteigas PORTUGALManteigas PORTUGAL MANTEIGAS PORTUGAL 2023 Contactar manteigas, Guarda, Centro, Portugal.manteigas.pt\/ Manteigas, ubicado en el coraz\u00f3n de las monta\u00f1as de la Serra da Estrela en Portugal, se erige como un pueblo de monta\u00f1a \u00fanico con una rica historia profundamente arraigada en la lana, la cultura de los pastores y un carisma monta\u00f1\u00e9s cautivador. La&hellip;<\/p>\n","protected":false},"author":333,"featured_media":16029,"comment_status":"closed","ping_status":"closed","sticky":false,"template":"elementor_header_footer","format":"standard","meta":{"footnotes":""},"categories":[27],"tags":[],"class_list":["post-18496","post","type-post","status-publish","format-standard","has-post-thumbnail","hentry","category-villages"],"yoast_head":"<!-- This site is optimized with the Yoast SEO plugin v27.3 - https:\/\/yoast.com\/product\/yoast-seo-wordpress\/ -->\n<title>Manteigas - Portugal - Best Tourism Villages<\/title>\n<meta name=\"robots\" content=\"index, follow, max-snippet:-1, max-image-preview:large, max-video-preview:-1\" \/>\n<link rel=\"canonical\" href=\"https:\/\/tourism-villages.unwto.org\/es\/villages\/manteigas-portugal\/\" \/>\n<meta property=\"og:locale\" content=\"es_ES\" \/>\n<meta property=\"og:type\" content=\"article\" \/>\n<meta property=\"og:title\" content=\"Manteigas - Portugal - Best Tourism Villages\" \/>\n<meta property=\"og:description\" content=\"Manteigas PORTUGALManteigas PORTUGALManteigas PORTUGAL MANTEIGAS PORTUGAL 2023 Contactar manteigas, Guarda, Centro, Portugal.manteigas.pt\/ Manteigas, ubicado en el coraz\u00f3n de las monta\u00f1as de la Serra da Estrela en Portugal, se erige como un pueblo de monta\u00f1a \u00fanico con una rica historia profundamente arraigada en la lana, la cultura de los pastores y un carisma monta\u00f1\u00e9s cautivador. La&hellip;\" \/>\n<meta property=\"og:url\" content=\"https:\/\/tourism-villages.unwto.org\/es\/villages\/manteigas-portugal\/\" \/>\n<meta property=\"og:site_name\" content=\"Best Tourism Villages\" \/>\n<meta property=\"article:published_time\" content=\"2024-02-27T10:02:22+00:00\" \/>\n<meta property=\"article:modified_time\" content=\"2024-03-07T13:05:11+00:00\" \/>\n<meta property=\"og:image\" content=\"https:\/\/tourism-villages.unwto.org\/wp-content\/uploads\/2023\/10\/cover-13-scaled.jpg\" \/>\n\t<meta property=\"og:image:width\" content=\"2560\" \/>\n\t<meta property=\"og:image:height\" content=\"1772\" \/>\n\t<meta property=\"og:image:type\" content=\"image\/jpeg\" \/>\n<meta name=\"author\" content=\"Megha Paul\" \/>\n<meta name=\"twitter:card\" content=\"summary_large_image\" \/>\n<meta name=\"twitter:label1\" content=\"Escrito por\" \/>\n\t<meta name=\"twitter:data1\" content=\"Megha Paul\" \/>\n\t<meta name=\"twitter:label2\" content=\"Tiempo de lectura\" \/>\n\t<meta name=\"twitter:data2\" content=\"5 minutos\" \/>\n<script type=\"application\/ld+json\" class=\"yoast-schema-graph\">{\"@context\":\"https:\\\/\\\/schema.org\",\"@graph\":[{\"@type\":\"Article\",\"@id\":\"https:\\\/\\\/tourism-villages.unwto.org\\\/es\\\/villages\\\/manteigas-portugal\\\/#article\",\"isPartOf\":{\"@id\":\"https:\\\/\\\/tourism-villages.unwto.org\\\/es\\\/villages\\\/manteigas-portugal\\\/\"},\"author\":{\"name\":\"Megha Paul\",\"@id\":\"https:\\\/\\\/tourism-villages.unwto.org\\\/es\\\/#\\\/schema\\\/person\\\/6ae133f3a0adacbd794577b22c18177a\"},\"headline\":\"Manteigas &#8211; Portugal\",\"datePublished\":\"2024-02-27T10:02:22+00:00\",\"dateModified\":\"2024-03-07T13:05:11+00:00\",\"mainEntityOfPage\":{\"@id\":\"https:\\\/\\\/tourism-villages.unwto.org\\\/es\\\/villages\\\/manteigas-portugal\\\/\"},\"wordCount\":1048,\"publisher\":{\"@id\":\"https:\\\/\\\/tourism-villages.unwto.org\\\/es\\\/#organization\"},\"image\":{\"@id\":\"https:\\\/\\\/tourism-villages.unwto.org\\\/es\\\/villages\\\/manteigas-portugal\\\/#primaryimage\"},\"thumbnailUrl\":\"https:\\\/\\\/tourism-villages.unwto.org\\\/wp-content\\\/uploads\\\/2023\\\/10\\\/cover-13-scaled.jpg\",\"articleSection\":[\"Villages\"],\"inLanguage\":\"es\"},{\"@type\":\"WebPage\",\"@id\":\"https:\\\/\\\/tourism-villages.unwto.org\\\/es\\\/villages\\\/manteigas-portugal\\\/\",\"url\":\"https:\\\/\\\/tourism-villages.unwto.org\\\/es\\\/villages\\\/manteigas-portugal\\\/\",\"name\":\"Manteigas - Portugal - Best Tourism Villages\",\"isPartOf\":{\"@id\":\"https:\\\/\\\/tourism-villages.unwto.org\\\/es\\\/#website\"},\"primaryImageOfPage\":{\"@id\":\"https:\\\/\\\/tourism-villages.unwto.org\\\/es\\\/villages\\\/manteigas-portugal\\\/#primaryimage\"},\"image\":{\"@id\":\"https:\\\/\\\/tourism-villages.unwto.org\\\/es\\\/villages\\\/manteigas-portugal\\\/#primaryimage\"},\"thumbnailUrl\":\"https:\\\/\\\/tourism-villages.unwto.org\\\/wp-content\\\/uploads\\\/2023\\\/10\\\/cover-13-scaled.jpg\",\"datePublished\":\"2024-02-27T10:02:22+00:00\",\"dateModified\":\"2024-03-07T13:05:11+00:00\",\"breadcrumb\":{\"@id\":\"https:\\\/\\\/tourism-villages.unwto.org\\\/es\\\/villages\\\/manteigas-portugal\\\/#breadcrumb\"},\"inLanguage\":\"es\",\"potentialAction\":[{\"@type\":\"ReadAction\",\"target\":[\"https:\\\/\\\/tourism-villages.unwto.org\\\/es\\\/villages\\\/manteigas-portugal\\\/\"]}]},{\"@type\":\"ImageObject\",\"inLanguage\":\"es\",\"@id\":\"https:\\\/\\\/tourism-villages.unwto.org\\\/es\\\/villages\\\/manteigas-portugal\\\/#primaryimage\",\"url\":\"https:\\\/\\\/tourism-villages.unwto.org\\\/wp-content\\\/uploads\\\/2023\\\/10\\\/cover-13-scaled.jpg\",\"contentUrl\":\"https:\\\/\\\/tourism-villages.unwto.org\\\/wp-content\\\/uploads\\\/2023\\\/10\\\/cover-13-scaled.jpg\",\"width\":2560,\"height\":1772},{\"@type\":\"BreadcrumbList\",\"@id\":\"https:\\\/\\\/tourism-villages.unwto.org\\\/es\\\/villages\\\/manteigas-portugal\\\/#breadcrumb\",\"itemListElement\":[{\"@type\":\"ListItem\",\"position\":1,\"name\":\"Home\",\"item\":\"https:\\\/\\\/tourism-villages.unwto.org\\\/es\\\/\"},{\"@type\":\"ListItem\",\"position\":2,\"name\":\"Manteigas &#8211; Portugal\"}]},{\"@type\":\"WebSite\",\"@id\":\"https:\\\/\\\/tourism-villages.unwto.org\\\/es\\\/#website\",\"url\":\"https:\\\/\\\/tourism-villages.unwto.org\\\/es\\\/\",\"name\":\"Best Tourism Villages\",\"description\":\"\",\"publisher\":{\"@id\":\"https:\\\/\\\/tourism-villages.unwto.org\\\/es\\\/#organization\"},\"potentialAction\":[{\"@type\":\"SearchAction\",\"target\":{\"@type\":\"EntryPoint\",\"urlTemplate\":\"https:\\\/\\\/tourism-villages.unwto.org\\\/es\\\/?s={search_term_string}\"},\"query-input\":{\"@type\":\"PropertyValueSpecification\",\"valueRequired\":true,\"valueName\":\"search_term_string\"}}],\"inLanguage\":\"es\"},{\"@type\":\"Organization\",\"@id\":\"https:\\\/\\\/tourism-villages.unwto.org\\\/es\\\/#organization\",\"name\":\"Best Tourism Villages\",\"url\":\"https:\\\/\\\/tourism-villages.unwto.org\\\/es\\\/\",\"logo\":{\"@type\":\"ImageObject\",\"inLanguage\":\"es\",\"@id\":\"https:\\\/\\\/tourism-villages.unwto.org\\\/es\\\/#\\\/schema\\\/logo\\\/image\\\/\",\"url\":\"https:\\\/\\\/tourism-villages.unwto.org\\\/wp-content\\\/uploads\\\/2024\\\/01\\\/global-onu-01.png\",\"contentUrl\":\"https:\\\/\\\/tourism-villages.unwto.org\\\/wp-content\\\/uploads\\\/2024\\\/01\\\/global-onu-01.png\",\"width\":371,\"height\":91,\"caption\":\"Best Tourism Villages\"},\"image\":{\"@id\":\"https:\\\/\\\/tourism-villages.unwto.org\\\/es\\\/#\\\/schema\\\/logo\\\/image\\\/\"}},{\"@type\":\"Person\",\"@id\":\"https:\\\/\\\/tourism-villages.unwto.org\\\/es\\\/#\\\/schema\\\/person\\\/6ae133f3a0adacbd794577b22c18177a\",\"name\":\"Megha Paul\",\"image\":{\"@type\":\"ImageObject\",\"inLanguage\":\"es\",\"@id\":\"https:\\\/\\\/secure.gravatar.com\\\/avatar\\\/38259239cd8a0512f58a54f6fdeef5bcfbb04fdc8dbf8ea2db9ab0d972844a05?s=96&d=mm&r=g\",\"url\":\"https:\\\/\\\/secure.gravatar.com\\\/avatar\\\/38259239cd8a0512f58a54f6fdeef5bcfbb04fdc8dbf8ea2db9ab0d972844a05?s=96&d=mm&r=g\",\"contentUrl\":\"https:\\\/\\\/secure.gravatar.com\\\/avatar\\\/38259239cd8a0512f58a54f6fdeef5bcfbb04fdc8dbf8ea2db9ab0d972844a05?s=96&d=mm&r=g\",\"caption\":\"Megha Paul\"},\"url\":\"https:\\\/\\\/tourism-villages.unwto.org\\\/es\\\/author\\\/megha-paul\\\/\"}]}<\/script>\n<!-- \/ Yoast SEO plugin. -->","yoast_head_json":{"title":"Manteigas - Portugal - Best Tourism Villages","robots":{"index":"index","follow":"follow","max-snippet":"max-snippet:-1","max-image-preview":"max-image-preview:large","max-video-preview":"max-video-preview:-1"},"canonical":"https:\/\/tourism-villages.unwto.org\/es\/villages\/manteigas-portugal\/","og_locale":"es_ES","og_type":"article","og_title":"Manteigas - Portugal - Best Tourism Villages","og_description":"Manteigas PORTUGALManteigas PORTUGALManteigas PORTUGAL MANTEIGAS PORTUGAL 2023 Contactar manteigas, Guarda, Centro, Portugal.manteigas.pt\/ Manteigas, ubicado en el coraz\u00f3n de las monta\u00f1as de la Serra da Estrela en Portugal, se erige como un pueblo de monta\u00f1a \u00fanico con una rica historia profundamente arraigada en la lana, la cultura de los pastores y un carisma monta\u00f1\u00e9s cautivador. La&hellip;","og_url":"https:\/\/tourism-villages.unwto.org\/es\/villages\/manteigas-portugal\/","og_site_name":"Best Tourism Villages","article_published_time":"2024-02-27T10:02:22+00:00","article_modified_time":"2024-03-07T13:05:11+00:00","og_image":[{"width":2560,"height":1772,"url":"https:\/\/tourism-villages.unwto.org\/wp-content\/uploads\/2023\/10\/cover-13-scaled.jpg","type":"image\/jpeg"}],"author":"Megha Paul","twitter_card":"summary_large_image","twitter_misc":{"Escrito por":"Megha Paul","Tiempo de lectura":"5 minutos"},"schema":{"@context":"https:\/\/schema.org","@graph":[{"@type":"Article","@id":"https:\/\/tourism-villages.unwto.org\/es\/villages\/manteigas-portugal\/#article","isPartOf":{"@id":"https:\/\/tourism-villages.unwto.org\/es\/villages\/manteigas-portugal\/"},"author":{"name":"Megha Paul","@id":"https:\/\/tourism-villages.unwto.org\/es\/#\/schema\/person\/6ae133f3a0adacbd794577b22c18177a"},"headline":"Manteigas &#8211; Portugal","datePublished":"2024-02-27T10:02:22+00:00","dateModified":"2024-03-07T13:05:11+00:00","mainEntityOfPage":{"@id":"https:\/\/tourism-villages.unwto.org\/es\/villages\/manteigas-portugal\/"},"wordCount":1048,"publisher":{"@id":"https:\/\/tourism-villages.unwto.org\/es\/#organization"},"image":{"@id":"https:\/\/tourism-villages.unwto.org\/es\/villages\/manteigas-portugal\/#primaryimage"},"thumbnailUrl":"https:\/\/tourism-villages.unwto.org\/wp-content\/uploads\/2023\/10\/cover-13-scaled.jpg","articleSection":["Villages"],"inLanguage":"es"},{"@type":"WebPage","@id":"https:\/\/tourism-villages.unwto.org\/es\/villages\/manteigas-portugal\/","url":"https:\/\/tourism-villages.unwto.org\/es\/villages\/manteigas-portugal\/","name":"Manteigas - Portugal - Best Tourism Villages","isPartOf":{"@id":"https:\/\/tourism-villages.unwto.org\/es\/#website"},"primaryImageOfPage":{"@id":"https:\/\/tourism-villages.unwto.org\/es\/villages\/manteigas-portugal\/#primaryimage"},"image":{"@id":"https:\/\/tourism-villages.unwto.org\/es\/villages\/manteigas-portugal\/#primaryimage"},"thumbnailUrl":"https:\/\/tourism-villages.unwto.org\/wp-content\/uploads\/2023\/10\/cover-13-scaled.jpg","datePublished":"2024-02-27T10:02:22+00:00","dateModified":"2024-03-07T13:05:11+00:00","breadcrumb":{"@id":"https:\/\/tourism-villages.unwto.org\/es\/villages\/manteigas-portugal\/#breadcrumb"},"inLanguage":"es","potentialAction":[{"@type":"ReadAction","target":["https:\/\/tourism-villages.unwto.org\/es\/villages\/manteigas-portugal\/"]}]},{"@type":"ImageObject","inLanguage":"es","@id":"https:\/\/tourism-villages.unwto.org\/es\/villages\/manteigas-portugal\/#primaryimage","url":"https:\/\/tourism-villages.unwto.org\/wp-content\/uploads\/2023\/10\/cover-13-scaled.jpg","contentUrl":"https:\/\/tourism-villages.unwto.org\/wp-content\/uploads\/2023\/10\/cover-13-scaled.jpg","width":2560,"height":1772},{"@type":"BreadcrumbList","@id":"https:\/\/tourism-villages.unwto.org\/es\/villages\/manteigas-portugal\/#breadcrumb","itemListElement":[{"@type":"ListItem","position":1,"name":"Home","item":"https:\/\/tourism-villages.unwto.org\/es\/"},{"@type":"ListItem","position":2,"name":"Manteigas &#8211; Portugal"}]},{"@type":"WebSite","@id":"https:\/\/tourism-villages.unwto.org\/es\/#website","url":"https:\/\/tourism-villages.unwto.org\/es\/","name":"Best Tourism Villages","description":"","publisher":{"@id":"https:\/\/tourism-villages.unwto.org\/es\/#organization"},"potentialAction":[{"@type":"SearchAction","target":{"@type":"EntryPoint","urlTemplate":"https:\/\/tourism-villages.unwto.org\/es\/?s={search_term_string}"},"query-input":{"@type":"PropertyValueSpecification","valueRequired":true,"valueName":"search_term_string"}}],"inLanguage":"es"},{"@type":"Organization","@id":"https:\/\/tourism-villages.unwto.org\/es\/#organization","name":"Best Tourism Villages","url":"https:\/\/tourism-villages.unwto.org\/es\/","logo":{"@type":"ImageObject","inLanguage":"es","@id":"https:\/\/tourism-villages.unwto.org\/es\/#\/schema\/logo\/image\/","url":"https:\/\/tourism-villages.unwto.org\/wp-content\/uploads\/2024\/01\/global-onu-01.png","contentUrl":"https:\/\/tourism-villages.unwto.org\/wp-content\/uploads\/2024\/01\/global-onu-01.png","width":371,"height":91,"caption":"Best Tourism Villages"},"image":{"@id":"https:\/\/tourism-villages.unwto.org\/es\/#\/schema\/logo\/image\/"}},{"@type":"Person","@id":"https:\/\/tourism-villages.unwto.org\/es\/#\/schema\/person\/6ae133f3a0adacbd794577b22c18177a","name":"Megha Paul","image":{"@type":"ImageObject","inLanguage":"es","@id":"https:\/\/secure.gravatar.com\/avatar\/38259239cd8a0512f58a54f6fdeef5bcfbb04fdc8dbf8ea2db9ab0d972844a05?s=96&d=mm&r=g","url":"https:\/\/secure.gravatar.com\/avatar\/38259239cd8a0512f58a54f6fdeef5bcfbb04fdc8dbf8ea2db9ab0d972844a05?s=96&d=mm&r=g","contentUrl":"https:\/\/secure.gravatar.com\/avatar\/38259239cd8a0512f58a54f6fdeef5bcfbb04fdc8dbf8ea2db9ab0d972844a05?s=96&d=mm&r=g","caption":"Megha Paul"},"url":"https:\/\/tourism-villages.unwto.org\/es\/author\/megha-paul\/"}]}},"_links":{"self":[{"href":"https:\/\/tourism-villages.unwto.org\/es\/wp-json\/wp\/v2\/posts\/18496","targetHints":{"allow":["GET"]}}],"collection":[{"href":"https:\/\/tourism-villages.unwto.org\/es\/wp-json\/wp\/v2\/posts"}],"about":[{"href":"https:\/\/tourism-villages.unwto.org\/es\/wp-json\/wp\/v2\/types\/post"}],"author":[{"embeddable":true,"href":"https:\/\/tourism-villages.unwto.org\/es\/wp-json\/wp\/v2\/users\/333"}],"replies":[{"embeddable":true,"href":"https:\/\/tourism-villages.unwto.org\/es\/wp-json\/wp\/v2\/comments?post=18496"}],"version-history":[{"count":7,"href":"https:\/\/tourism-villages.unwto.org\/es\/wp-json\/wp\/v2\/posts\/18496\/revisions"}],"predecessor-version":[{"id":19638,"href":"https:\/\/tourism-villages.unwto.org\/es\/wp-json\/wp\/v2\/posts\/18496\/revisions\/19638"}],"wp:featuredmedia":[{"embeddable":true,"href":"https:\/\/tourism-villages.unwto.org\/es\/wp-json\/wp\/v2\/media\/16029"}],"wp:attachment":[{"href":"https:\/\/tourism-villages.unwto.org\/es\/wp-json\/wp\/v2\/media?parent=18496"}],"wp:term":[{"taxonomy":"category","embeddable":true,"href":"https:\/\/tourism-villages.unwto.org\/es\/wp-json\/wp\/v2\/categories?post=18496"},{"taxonomy":"post_tag","embeddable":true,"href":"https:\/\/tourism-villages.unwto.org\/es\/wp-json\/wp\/v2\/tags?post=18496"}],"curies":[{"name":"wp","href":"https:\/\/api.w.org\/{rel}","templated":true}]}}